{"id":5626,"date":"2023-05-18T10:45:05","date_gmt":"2023-05-18T10:45:05","guid":{"rendered":"https:\/\/toskani.com\/ch\/face-cream-with-sunscreen-protect-your-face-all-year-round\/"},"modified":"2024-01-02T09:25:13","modified_gmt":"2024-01-02T09:25:13","slug":"face-cream-with-sunscreen-protect-your-face-all-year-round","status":"publish","type":"post","link":"https:\/\/toskani.com\/ch\/it\/face-cream-with-sunscreen-protect-your-face-all-year-round\/","title":{"rendered":"Crema viso con protezione solare. Proteggete il vostro viso tutto l&#8217;anno!"},"content":{"rendered":"<ul>\n<li><a href=\"#por-que\">Perch\u00e9 usare una crema per il viso con protezione solare &#8211; e non solo in estate<\/a><\/li>\n<li><a href=\"#puedo\">Posso usare la protezione solare per il viso se ho la pelle grassa?<\/a><\/li>\n<li><a href=\"#cuando\">Quando utilizzare una protezione solare per il viso anti-macchie?<\/a><\/li>\n<li><a href=\"#descubre\">Scoprite i benefici dell&#8217;estratto di mimosa nella crema solare per il viso<\/a><\/li>\n<li><a href=\"#es-mejor\">\u00c8 meglio usare una protezione solare colorata per il viso o una protezione solare e il trucco?<\/a><\/li>\n<\/ul>\n<p>Il sole pu\u00f2 essere il vostro migliore amico ma anche il vostro peggior nemico. Il corpo ha bisogno del sole per migliorare l&#8217;umore, rafforzare le ossa, i muscoli e il sistema immunitario. Tutto questo grazie alla vitamina D, una vitamina che pu\u00f2 essere sintetizzata solo dai raggi solari. Secondo gli esperti, un&#8217;esposizione da 8 a 15 minuti in estate \u00e8 sufficiente per ottenere la dose giornaliera di cui il corpo ha bisogno.<span class=\"Apple-converted-space\">&nbsp;<\/span><\/p>\n<p>Se si sta al sole per pi\u00f9 di un quarto d&#8217;ora, \u00e8 necessario proteggere la pelle dall&#8217;azione negativa dei raggi ultravioletti. Non importa che sia inverno o estate, sole o nuvole. Se si vuole evitare l&#8217;invecchiamento precoce, la disidratazione e le macchie, \u00e8 fondamentale utilizzare una protezione solare di qualit\u00e0. Soprattutto sul viso, la zona del corpo pi\u00f9 esposta all&#8217;aria aperta durante tutto l&#8217;anno.<\/p>\n<h2 id=\"por-que\">Perch\u00e9 usare una crema per il viso con protezione solare &#8211; e non solo in estate<\/h2>\n<p>Sapevate che anche il vento, il freddo e gli sbalzi di temperatura danneggiano la pelle del viso? A basse temperature, la produzione di olio diminuisce e la pellicola protettiva naturale della pelle si assottiglia. Il viso si disidrata e si pu\u00f2 avvertire una sensazione di tensione, arrossamento e desquamazione. E nel tempo, la comparsa prematura delle rughe.<\/p>\n<p>Le <b>creme per il viso con protezione solare<\/b> saranno il nostro migliore alleato tutto l&#8217;anno, anche in inverno. La Crema solare protettiva Toskani \u00e8 appositamente studiata per prevenire la disidratazione del viso anche in inverno. Il suo principale principio attivo, l&#8217;urea, ha un elevato potere idratante per combattere gli effetti del freddo e del vento sul viso.<span class=\"Apple-converted-space\">&nbsp;<\/span><\/p>\n<h2 id=\"puedo\">Posso usare la protezione solare per il viso se ho la pelle grassa?<\/h2>\n<p>Se avete la pelle grassa avete bisogno della <b>migliore crema solare per la pelle grassa <\/b>. Una crema che idrati e protegga dal sole, specifica per la pelle grassa.<span class=\"Apple-converted-space\">&nbsp;<\/span><\/p>\n<p>TSK Sun Protection Cream PRO contiene retinolo, un derivato della vitamina A noto per la sua capacit\u00e0 di penetrare negli strati pi\u00f9 profondi della pelle per rinnovare le cellule e stimolare la formazione di collagene ed elastina.<\/p>\n<p>Sun Protection Cream PRO \u00e8 una <b>crema solare anti-acne per il viso<\/b> perch\u00e9 il retinolo inibisce anche la produzione di olio in eccesso, riducendo la lucidit\u00e0 e prevenendo l&#8217;ostruzione dei pori.<\/p>\n<p>Il retinolo \u00e8 perfetto per prevenire e trattare l&#8217;acne grazie alla sua azione antinfiammatoria. \u00c8 esfoliante e rigenerante e attenua anche i segni e le cicatrici dell&#8217;acne. Combinata con l&#8217;estratto di Mimosa tenuiflora, dalle propriet\u00e0 antibatteriche, Sun Protection Cream PRO offre la protezione solare necessaria per migliorare l&#8217;equilibrio della pelle del viso.<span class=\"Apple-converted-space\">&nbsp;<\/span><\/p>\n<h2 id=\"cuando\">&nbsp;Quando utilizzare una protezione solare per il viso anti-macchie?<\/h2>\n<p>Le macchie compaiono a causa di un eccesso di melanina in alcune zone della pelle, soprattutto sul viso. Oltre all&#8217;eccessiva esposizione al sole non protetta, le macchie possono essere legate a determinati farmaci o a fattori genetici o ormonali.<span class=\"Apple-converted-space\">&nbsp;<\/span><\/p>\n<p>La melanina \u00e8 una sostanza che pigmenta la pelle, i capelli e gli occhi. La melanina \u00e8 responsabile dell&#8217;abbronzatura tanto amata. \u00c8 il sistema di difesa della pelle per assorbire i raggi ultravioletti e prevenire i danni alle cellule.<span class=\"Apple-converted-space\">&nbsp;<\/span><\/p>\n<p>Ma la melanina non \u00e8 infallibile. L&#8217;esposizione prolungata e non protetta al sole pu\u00f2 provocare scottature e, nel tempo, la comparsa di macchie. \u00c8 possibile evitare questo problema utilizzando <b>una crema solare per il viso <\/b>con protezione 50, come Sun Protection Cream o Sun Protection Cream Pro, e godersi l&#8217;aria aperta senza temere l&#8217;invecchiamento precoce del viso.<\/p>\n<h2 id=\"descubre\">Scoprite i benefici dell&#8217;estratto di mimosa nella crema solare per il viso<\/h2>\n<p>Oltre all&#8217;urea e al retinolo, la Crema solare protettiva comprende uno dei prodotti di punta della cosmesi: l&#8217;estratto di Mimosa tenuiflora, noto in Messico come <b>tepezcohuite<\/b>. Le propriet\u00e0 di quest&#8217;albero erano gi\u00e0 note alle culture precolombiane, ma sono state riscoperte negli anni &#8217;90 quando la corteccia polverizzata \u00e8 stata utilizzata per trattare le ustioni dei pazienti del terremoto del 1985.<\/p>\n<p>Conosciuto come <i>l&#8217;albero della pelle<\/i>, l&#8217;estratto di Mimosa tenuiflora, oltre alle sue propriet\u00e0 rigenerative, \u00e8 antinfiammatorio e antibatterico (antiacne), cicatrizzante, rassodante e antiet\u00e0, grazie al suo elevato contenuto di tannini (antiossidanti). Gli antiossidanti aumentano l&#8217;impermeabilit\u00e0 della pelle bloccando l&#8217;azione dei radicali liberi.<\/p>\n<p>L&#8217;estratto di mimosa aggiunto alla <b>crema solare per il viso<\/b> favorisce inoltre un&#8217;idratazione profonda grazie al suo elevato contenuto di aminoacidi. Gli aminoacidi aiutano a ridurre la perdita di acqua, mantenendo la pelle del viso idratata e liscia pi\u00f9 a lungo.<\/p>\n<h2 id=\"es-mejor\">\u00c8 meglio usare una protezione solare colorata per il viso o una protezione solare e il trucco?<\/h2>\n<p>Questa \u00e8 la grande domanda che ci poniamo quando arriva l&#8217;inverno e ci piace che il nostro viso sia leggermente abbronzato. Per rispondere a questa domanda, analizzeremo i vantaggi e gli svantaggi di ciascun prodotto.<\/p>\n<p>La <b>crema solare colorata per il viso <\/b>ha lo scopo di proteggere la pelle dai raggi solari e di dare un tocco di colore. Copre leggermente le imperfezioni. Di solito esistono solo due tonalit\u00e0 sul mercato, o una sola tonalit\u00e0 adatta a tutte le carnagioni.<\/p>\n<p>Lo scopo del trucco con protezione solare \u00e8 quello di coprire le imperfezioni, neutralizzare i rossori o coprire le rughe. Inoltre, fornisce protezione e si possono trovare molte tonalit\u00e0 adatte al colore della pelle.<\/p>\n<p>Dipende quindi da ci\u00f2 di cui avete bisogno in ogni momento: un&#8217;ombra naturale con protezione o un alto potere coprente che vi protegga anche dal sole e dalle intemperie.<\/p>\n<p>Noi di Toskani facciamo ricerca su questi prodotti per poter rispondere alle vostre esigenze con le soluzioni pi\u00f9 innovative.<span class=\"Apple-converted-space\">&nbsp;<\/span><\/p>\n<p>Volete saperne di pi\u00f9 sul processo di abbronzatura e su come il vostro istituto di bellezza pu\u00f2 aiutarvi a ottenere un&#8217;abbronzatura perfetta e a prevenire l&#8217;invecchiamento della pelle? Scopritelo nell&#8217;articolo &#8220;Come ottenere un&#8217;abbronzatura sana e uniforme quest&#8217;estate&#8221;!<\/p>\n","protected":false},"excerpt":{"rendered":"<p>Perch\u00e9 usare una crema per il viso con protezione solare &#8211; e non solo in estate Posso usare la protezione solare per il viso se ho la pelle grassa? Quando [&hellip;]<\/p>\n","protected":false},"author":1,"featured_media":5077,"comment_status":"closed","ping_status":"closed","sticky":false,"template":"","format":"standard","meta":{"footnotes":""},"categories":[223],"tags":[],"class_list":["post-5626","post","type-post","status-publish","format-standard","has-post-thumbnail","hentry","category-cuidado-it"],"acf":[],"aioseo_notices":[],"_links":{"self":[{"href":"https:\/\/toskani.com\/ch\/it\/wp-json\/wp\/v2\/posts\/5626","targetHints":{"allow":["GET"]}}],"collection":[{"href":"https:\/\/toskani.com\/ch\/it\/wp-json\/wp\/v2\/posts"}],"about":[{"href":"https:\/\/toskani.com\/ch\/it\/wp-json\/wp\/v2\/types\/post"}],"author":[{"embeddable":true,"href":"https:\/\/toskani.com\/ch\/it\/wp-json\/wp\/v2\/users\/1"}],"replies":[{"embeddable":true,"href":"https:\/\/toskani.com\/ch\/it\/wp-json\/wp\/v2\/comments?post=5626"}],"version-history":[{"count":1,"href":"https:\/\/toskani.com\/ch\/it\/wp-json\/wp\/v2\/posts\/5626\/revisions"}],"predecessor-version":[{"id":5875,"href":"https:\/\/toskani.com\/ch\/it\/wp-json\/wp\/v2\/posts\/5626\/revisions\/5875"}],"wp:featuredmedia":[{"embeddable":true,"href":"https:\/\/toskani.com\/ch\/it\/wp-json\/wp\/v2\/media\/5077"}],"wp:attachment":[{"href":"https:\/\/toskani.com\/ch\/it\/wp-json\/wp\/v2\/media?parent=5626"}],"wp:term":[{"taxonomy":"category","embeddable":true,"href":"https:\/\/toskani.com\/ch\/it\/wp-json\/wp\/v2\/categories?post=5626"},{"taxonomy":"post_tag","embeddable":true,"href":"https:\/\/toskani.com\/ch\/it\/wp-json\/wp\/v2\/tags?post=5626"}],"curies":[{"name":"wp","href":"https:\/\/api.w.org\/{rel}","templated":true}]}}