{"id":5624,"date":"2023-05-18T10:45:05","date_gmt":"2023-05-18T10:45:05","guid":{"rendered":"https:\/\/toskani.com\/ch\/face-cream-with-sunscreen-protect-your-face-all-year-round\/"},"modified":"2024-01-02T09:25:16","modified_gmt":"2024-01-02T09:25:16","slug":"face-cream-with-sunscreen-protect-your-face-all-year-round","status":"publish","type":"post","link":"https:\/\/toskani.com\/ch\/fr\/face-cream-with-sunscreen-protect-your-face-all-year-round\/","title":{"rendered":"Cr\u00e8me pour le visage avec \u00e9cran solaire. Prot\u00e9gez votre visage tout au long de l&#8217;ann\u00e9e !"},"content":{"rendered":"<ul>\n<li><a href=\"#por-que\">Pourquoi utiliser une cr\u00e8me pour le visage avec un \u00e9cran solaire, et pas seulement en \u00e9t\u00e9 ?<\/a><\/li>\n<li><a href=\"#puedo\">Puis-je utiliser une cr\u00e8me solaire pour le visage si j&#8217;ai une peau grasse ?<\/a><\/li>\n<li><a href=\"#cuando\">Quand dois-je utiliser une cr\u00e8me solaire anti-taches pour le visage ?<\/a><\/li>\n<li><a href=\"#descubre\">D\u00e9couvrez les bienfaits de l&#8217;extrait de mimosa dans une cr\u00e8me solaire pour le visage<\/a><\/li>\n<li><a href=\"#es-mejor\">Est-il pr\u00e9f\u00e9rable d&#8217;utiliser une cr\u00e8me solaire teint\u00e9e pour le visage ou une cr\u00e8me solaire et du maquillage ?<\/a><\/li>\n<\/ul>\n<p>Le soleil peut \u00eatre votre meilleur ami mais aussi votre pire ennemi. Votre corps a besoin du soleil pour am\u00e9liorer votre humeur, renforcer vos os, vos muscles et votre syst\u00e8me immunitaire. Tout cela gr\u00e2ce \u00e0 la vitamine D, une vitamine qui ne peut \u00eatre synth\u00e9tis\u00e9e que par les rayons du soleil. Selon les experts, une exposition de 8 \u00e0 15 minutes en \u00e9t\u00e9 suffit pour obtenir la dose quotidienne dont votre corps a besoin.<span class=\"Apple-converted-space\">&nbsp;<\/span><\/p>\n<p>Si vous restez au soleil plus de ce quart d&#8217;heure, vous devez prot\u00e9ger votre peau contre l&#8217;action n\u00e9gative des rayons ultraviolets. Peu importe que ce soit l&#8217;hiver ou l&#8217;\u00e9t\u00e9, qu&#8217;il y ait du soleil ou des nuages. Si vous voulez \u00e9viter le vieillissement pr\u00e9matur\u00e9, la d\u00e9shydratation et les taches, il est essentiel d&#8217;utiliser une protection solaire de qualit\u00e9. Et en particulier sur le visage, la partie du corps la plus expos\u00e9e \u00e0 l&#8217;ext\u00e9rieur tout au long de l&#8217;ann\u00e9e.<\/p>\n<h2 id=\"por-que\">Pourquoi utiliser une cr\u00e8me pour le visage avec un \u00e9cran solaire, et pas seulement en \u00e9t\u00e9 ?<\/h2>\n<p>Saviez-vous que le vent, le froid et les changements de temp\u00e9rature punissent \u00e9galement la peau de votre visage ? \u00c0 basse temp\u00e9rature, la production de s\u00e9bum diminue et le film protecteur naturel de la peau s&#8217;amincit. Votre visage se d\u00e9shydrate et vous pouvez constater une sensation de tiraillement, des rougeurs et une desquamation. Et avec le temps, l&#8217;apparition pr\u00e9matur\u00e9e de rides.<\/p>\n<p>Les <b>cr\u00e8mes pour le visage avec \u00e9cran solaire<\/b> seront notre meilleur alli\u00e9 tout au long de l&#8217;ann\u00e9e, m\u00eame en hiver. La cr\u00e8me solaire Toskani est sp\u00e9cialement con\u00e7ue pour pr\u00e9venir la d\u00e9shydratation du visage, m\u00eame en hiver. Son principal actif, l&#8217;ur\u00e9e, poss\u00e8de un fort pouvoir hydratant pour lutter contre les effets du froid et du vent sur le visage.<span class=\"Apple-converted-space\">&nbsp;<\/span><\/p>\n<h2 id=\"puedo\">Puis-je utiliser une cr\u00e8me solaire pour le visage si j&#8217;ai une peau grasse ?<\/h2>\n<p>Si vous avez la peau grasse, vous avez besoin de la <b>meilleure cr\u00e8me solaire pour peau grasse <\/b>. Une cr\u00e8me qui hydrate et prot\u00e8ge du soleil, sp\u00e9cialement con\u00e7ue pour les peaux grasses.<span class=\"Apple-converted-space\">&nbsp;<\/span><\/p>\n<p>TSK Sun Protection Cream PRO contient du r\u00e9tinol, un d\u00e9riv\u00e9 de la vitamine A connu pour sa capacit\u00e9 \u00e0 p\u00e9n\u00e9trer dans les couches profondes de la peau afin de renouveler les cellules et de stimuler la formation de collag\u00e8ne et d&#8217;\u00e9lastine.<\/p>\n<p>Sun Protection Cream PRO est une <b>cr\u00e8me solaire anti-acn\u00e9ique pour le visage<\/b>, car le r\u00e9tinol inhibe \u00e9galement la production excessive de s\u00e9bum, ce qui r\u00e9duit la brillance et pr\u00e9vient l&#8217;obstruction des pores.<\/p>\n<p>Le r\u00e9tinol est parfait pour pr\u00e9venir et traiter l&#8217;acn\u00e9 gr\u00e2ce \u00e0 son action anti-inflammatoire. Elle est exfoliante et r\u00e9g\u00e9n\u00e9rante et att\u00e9nue les marques d&#8217;acn\u00e9 et les cicatrices. Associ\u00e9e \u00e0 l&#8217;extrait de Mimosa tenuiflora, aux propri\u00e9t\u00e9s antibact\u00e9riennes, Sun Protection Cream PRO vous apporte la protection solaire n\u00e9cessaire \u00e0 l&#8217;am\u00e9lioration de l&#8217;\u00e9quilibre de la peau de votre visage.<span class=\"Apple-converted-space\">&nbsp;<\/span><\/p>\n<h2 id=\"cuando\">&nbsp;Quand dois-je utiliser un \u00e9cran solaire anti-taches pour le visage ?<\/h2>\n<p>Les taches apparaissent en raison d&#8217;un exc\u00e8s de m\u00e9lanine dans certaines zones de la peau, notamment sur le visage. Outre une exposition excessive au soleil sans protection, les taches peuvent \u00eatre li\u00e9es \u00e0 certains m\u00e9dicaments ou \u00e0 des facteurs g\u00e9n\u00e9tiques ou hormonaux.<span class=\"Apple-converted-space\">&nbsp;<\/span><\/p>\n<p>La m\u00e9lanine est une substance qui pigmente la peau, les cheveux et les yeux. La m\u00e9lanine est responsable du bronzage que vous aimez tant. Il s&#8217;agit du syst\u00e8me de d\u00e9fense de la peau qui absorbe les rayons ultraviolets et pr\u00e9vient les dommages cellulaires.<span class=\"Apple-converted-space\">&nbsp;<\/span><\/p>\n<p>Mais la m\u00e9lanine n&#8217;est pas infaillible. Une exposition prolong\u00e9e et non prot\u00e9g\u00e9e au soleil peut entra\u00eener des coups de soleil et, avec le temps, l&#8217;apparition de taches. Vous pouvez \u00e9viter cela en utilisant <b>un \u00e9cran solaire anti-taches pour le visage <\/b>avec une protection de 50, comme Sun Protection Cream ou Sun Protection Cream Pro, et profiter du plein air sans craindre un vieillissement pr\u00e9matur\u00e9 de votre visage.<\/p>\n<h2 id=\"descubre\">D\u00e9couvrez les bienfaits de l&#8217;extrait de mimosa dans une cr\u00e8me solaire pour le visage<\/h2>\n<p>En plus de l&#8217;ur\u00e9e et du r\u00e9tinol, la cr\u00e8me solaire comprend l&#8217;un des produits phares de la cosm\u00e9tique : l&#8217;extrait de Mimosa tenuiflora, connu au Mexique sous le nom de <b>tepezcohuite<\/b>. Les propri\u00e9t\u00e9s de cet arbre \u00e9taient d\u00e9j\u00e0 connues des cultures pr\u00e9colombiennes, mais il a \u00e9t\u00e9 red\u00e9couvert dans les ann\u00e9es 1990 lorsque l&#8217;\u00e9corce en poudre a \u00e9t\u00e9 utilis\u00e9e pour traiter les br\u00fblures des patients du tremblement de terre de 1985.<\/p>\n<p>Connu sous le nom d&#8217;<i>arbre \u00e0 peau<\/i>, l&#8217;extrait de Mimosa tenuiflora, outre ses propri\u00e9t\u00e9s r\u00e9g\u00e9n\u00e9ratrices, est anti-inflammatoire et antibact\u00e9rien (anti-acn\u00e9), cicatrisant, raffermissant et anti-\u00e2ge, gr\u00e2ce \u00e0 sa forte teneur en tanins (antioxydants). Les antioxydants augmentent l&#8217;imperm\u00e9abilit\u00e9 de la peau en bloquant l&#8217;action des radicaux libres.<\/p>\n<p>L&#8217;extrait de mimosa ajout\u00e9 \u00e0 la <b>cr\u00e8me solaire pour le visage<\/b> favorise \u00e9galement une hydratation en profondeur gr\u00e2ce \u00e0 sa teneur \u00e9lev\u00e9e en acides amin\u00e9s. Les acides amin\u00e9s contribuent \u00e0 r\u00e9duire la perte d&#8217;eau, ce qui permet \u00e0 la peau du visage de rester hydrat\u00e9e et lisse plus longtemps.<\/p>\n<h2 id=\"es-mejor\">Est-il pr\u00e9f\u00e9rable d&#8217;utiliser une cr\u00e8me solaire teint\u00e9e pour le visage ou une cr\u00e8me solaire et du maquillage ?<\/h2>\n<p>C&#8217;est la grande question que l&#8217;on se pose lorsque l&#8217;hiver arrive et que l&#8217;on aime avoir un l\u00e9ger h\u00e2le sur le visage. Pour r\u00e9pondre \u00e0 cette question, nous analyserons les avantages et les inconv\u00e9nients de chaque produit.<\/p>\n<p>La <b>cr\u00e8me solaire teint\u00e9e pour le visage <\/b>vise \u00e0 prot\u00e9ger la peau des rayons du soleil et nous donne une touche de couleur. Les imperfections sont l\u00e9g\u00e8rement couvertes. Il n&#8217;existe g\u00e9n\u00e9ralement que deux teintes sur le march\u00e9, ou une teinte convenant \u00e0 toutes les carnations.<\/p>\n<p>Le maquillage solaire a pour but de couvrir les imperfections, de neutraliser les rougeurs ou de couvrir les rides. En outre, il offre une protection et vous pouvez trouver de nombreuses nuances adapt\u00e9es \u00e0 la couleur de votre peau.<\/p>\n<p>Tout d\u00e9pend donc de ce dont vous avez besoin \u00e0 un moment donn\u00e9 : une ombre naturelle avec protection ou un pouvoir couvrant \u00e9lev\u00e9 qui vous prot\u00e8ge \u00e9galement du soleil et des intemp\u00e9ries.<\/p>\n<p>Chez Toskani, nous recherchons ces produits pour pouvoir r\u00e9pondre \u00e0 vos besoins avec les solutions les plus innovantes.<span class=\"Apple-converted-space\">&nbsp;<\/span><\/p>\n<p>Vous souhaitez en savoir plus sur le processus de bronzage et sur la mani\u00e8re dont votre institut de beaut\u00e9 peut vous aider \u00e0 obtenir un bronzage parfait tout en pr\u00e9venant le vieillissement de la peau ? D\u00e9couvrez-le dans l&#8217;article &#8220;Comment obtenir un bronzage uniforme et sain cet \u00e9t\u00e9&#8221; !<\/p>\n","protected":false},"excerpt":{"rendered":"<p>Pourquoi utiliser une cr\u00e8me pour le visage avec un \u00e9cran solaire, et pas seulement en \u00e9t\u00e9 ? Puis-je utiliser une cr\u00e8me solaire pour le visage si j&#8217;ai une peau grasse [&hellip;]<\/p>\n","protected":false},"author":1,"featured_media":5076,"comment_status":"closed","ping_status":"closed","sticky":false,"template":"","format":"standard","meta":{"footnotes":""},"categories":[221],"tags":[],"class_list":["post-5624","post","type-post","status-publish","format-standard","has-post-thumbnail","hentry","category-cuidado-fr"],"acf":[],"aioseo_notices":[],"_links":{"self":[{"href":"https:\/\/toskani.com\/ch\/fr\/wp-json\/wp\/v2\/posts\/5624","targetHints":{"allow":["GET"]}}],"collection":[{"href":"https:\/\/toskani.com\/ch\/fr\/wp-json\/wp\/v2\/posts"}],"about":[{"href":"https:\/\/toskani.com\/ch\/fr\/wp-json\/wp\/v2\/types\/post"}],"author":[{"embeddable":true,"href":"https:\/\/toskani.com\/ch\/fr\/wp-json\/wp\/v2\/users\/1"}],"replies":[{"embeddable":true,"href":"https:\/\/toskani.com\/ch\/fr\/wp-json\/wp\/v2\/comments?post=5624"}],"version-history":[{"count":1,"href":"https:\/\/toskani.com\/ch\/fr\/wp-json\/wp\/v2\/posts\/5624\/revisions"}],"predecessor-version":[{"id":5886,"href":"https:\/\/toskani.com\/ch\/fr\/wp-json\/wp\/v2\/posts\/5624\/revisions\/5886"}],"wp:featuredmedia":[{"embeddable":true,"href":"https:\/\/toskani.com\/ch\/fr\/wp-json\/wp\/v2\/media\/5076"}],"wp:attachment":[{"href":"https:\/\/toskani.com\/ch\/fr\/wp-json\/wp\/v2\/media?parent=5624"}],"wp:term":[{"taxonomy":"category","embeddable":true,"href":"https:\/\/toskani.com\/ch\/fr\/wp-json\/wp\/v2\/categories?post=5624"},{"taxonomy":"post_tag","embeddable":true,"href":"https:\/\/toskani.com\/ch\/fr\/wp-json\/wp\/v2\/tags?post=5624"}],"curies":[{"name":"wp","href":"https:\/\/api.w.org\/{rel}","templated":true}]}}